{"id":1744,"date":"2019-06-07T10:04:15","date_gmt":"2019-06-07T08:04:15","guid":{"rendered":"https:\/\/www.ch-fecamp.fr\/?p=1744"},"modified":"2019-06-07T10:04:16","modified_gmt":"2019-06-07T08:04:16","slug":"quand-deux-generations-se-rencontrent","status":"publish","type":"post","link":"https:\/\/www.ch-fecamp.fr\/index.php\/2019\/06\/07\/quand-deux-generations-se-rencontrent\/","title":{"rendered":"Quand deux g\u00e9n\u00e9rations se rencontrent."},"content":{"rendered":"\n<p><\/p>\n\n\n\n<p>Ce mercredi 5 juin, dans le cadre d\u2019un partenariat entre Le Shamrock et la maison Saint Jacques, Espace de vie sociale, les r\u00e9sidents du Shamrock ainsi que des familles adh\u00e9rentes \u00e0 la maison Saint Jacques ont partag\u00e9 cette journ\u00e9e dans la bonne humeur et avec une certaine complicit\u00e9. Les r\u00e9sidents et les enfants accompagn\u00e9s de leur maman ont confectionn\u00e9 des g\u00e2teaux et ont jou\u00e9 \u00e0 des diff\u00e9rents jeux toute la journ\u00e9e ! <\/p>\n\n\n\n<p>Une rencontre est organis\u00e9e tous les trimestres, principalement bas\u00e9e sur la cuisine et les jeux.<\/p>\n\n\n\n<p>Si vous aussi vous souhaitez rejoindre la maison Saint Jacques et participer \u00e0 des animations, activit\u00e9s et services, en collaboration avec de nombreuses associations et autres partenaires. Nous vous proposons de consulter le site de la ville de F\u00e9camp : http:\/\/www.ville-fecamp.fr\/La-Maison-Saint-Jacques-Espace-de.html<\/p>\n\n\n\n<ul class=\"wp-block-gallery columns-3 is-cropped wp-block-gallery-1 is-layout-flex\"><li class=\"blocks-gallery-item\"><figure><img decoding=\"async\" loading=\"lazy\" width=\"1024\" height=\"768\" src=\"https:\/\/www.ch-fecamp.fr\/wp-content\/uploads\/2019\/06\/1-1-1024x768.jpg\" alt=\"\" data-id=\"1745\" data-link=\"https:\/\/www.ch-fecamp.fr\/?attachment_id=1745\" class=\"wp-image-1745\" srcset=\"https:\/\/www.ch-fecamp.fr\/wp-content\/uploads\/2019\/06\/1-1-1024x768.jpg 1024w, https:\/\/www.ch-fecamp.fr\/wp-content\/uploads\/2019\/06\/1-1-300x225.jpg 300w, https:\/\/www.ch-fecamp.fr\/wp-content\/uploads\/2019\/06\/1-1-768x576.jpg 768w, https:\/\/www.ch-fecamp.fr\/wp-content\/uploads\/2019\/06\/1-1-510x382.jpg 510w, https:\/\/www.ch-fecamp.fr\/wp-content\/uploads\/2019\/06\/1-1-1080x810.jpg 1080w\" sizes=\"(max-width: 1024px) 100vw, 1024px\" \/><\/figure><\/li><li class=\"blocks-gallery-item\"><figure><img decoding=\"async\" loading=\"lazy\" width=\"1024\" height=\"768\" src=\"https:\/\/www.ch-fecamp.fr\/wp-content\/uploads\/2019\/06\/3-2-1024x768.jpg\" alt=\"\" data-id=\"1747\" data-link=\"https:\/\/www.ch-fecamp.fr\/?attachment_id=1747\" class=\"wp-image-1747\" srcset=\"https:\/\/www.ch-fecamp.fr\/wp-content\/uploads\/2019\/06\/3-2-1024x768.jpg 1024w, https:\/\/www.ch-fecamp.fr\/wp-content\/uploads\/2019\/06\/3-2-300x225.jpg 300w, https:\/\/www.ch-fecamp.fr\/wp-content\/uploads\/2019\/06\/3-2-768x576.jpg 768w, https:\/\/www.ch-fecamp.fr\/wp-content\/uploads\/2019\/06\/3-2-510x382.jpg 510w, https:\/\/www.ch-fecamp.fr\/wp-content\/uploads\/2019\/06\/3-2-1080x810.jpg 1080w\" sizes=\"(max-width: 1024px) 100vw, 1024px\" \/><\/figure><\/li><li class=\"blocks-gallery-item\"><figure><img decoding=\"async\" loading=\"lazy\" width=\"1024\" height=\"768\" src=\"https:\/\/www.ch-fecamp.fr\/wp-content\/uploads\/2019\/06\/2-2-1024x768.jpg\" alt=\"\" data-id=\"1749\" data-link=\"https:\/\/www.ch-fecamp.fr\/?attachment_id=1749\" class=\"wp-image-1749\" srcset=\"https:\/\/www.ch-fecamp.fr\/wp-content\/uploads\/2019\/06\/2-2-1024x768.jpg 1024w, https:\/\/www.ch-fecamp.fr\/wp-content\/uploads\/2019\/06\/2-2-300x225.jpg 300w, https:\/\/www.ch-fecamp.fr\/wp-content\/uploads\/2019\/06\/2-2-768x576.jpg 768w, https:\/\/www.ch-fecamp.fr\/wp-content\/uploads\/2019\/06\/2-2-510x382.jpg 510w, https:\/\/www.ch-fecamp.fr\/wp-content\/uploads\/2019\/06\/2-2-1080x810.jpg 1080w\" sizes=\"(max-width: 1024px) 100vw, 1024px\" \/><\/figure><\/li><li class=\"blocks-gallery-item\"><figure><img decoding=\"async\" loading=\"lazy\" width=\"1024\" height=\"768\" src=\"https:\/\/www.ch-fecamp.fr\/wp-content\/uploads\/2019\/06\/5-1-1024x768.jpg\" alt=\"\" data-id=\"1751\" data-link=\"https:\/\/www.ch-fecamp.fr\/?attachment_id=1751\" class=\"wp-image-1751\" srcset=\"https:\/\/www.ch-fecamp.fr\/wp-content\/uploads\/2019\/06\/5-1-1024x768.jpg 1024w, https:\/\/www.ch-fecamp.fr\/wp-content\/uploads\/2019\/06\/5-1-300x225.jpg 300w, https:\/\/www.ch-fecamp.fr\/wp-content\/uploads\/2019\/06\/5-1-768x576.jpg 768w, https:\/\/www.ch-fecamp.fr\/wp-content\/uploads\/2019\/06\/5-1-510x382.jpg 510w, https:\/\/www.ch-fecamp.fr\/wp-content\/uploads\/2019\/06\/5-1-1080x810.jpg 1080w\" sizes=\"(max-width: 1024px) 100vw, 1024px\" \/><\/figure><\/li><li class=\"blocks-gallery-item\"><figure><img decoding=\"async\" loading=\"lazy\" width=\"1024\" height=\"768\" src=\"https:\/\/www.ch-fecamp.fr\/wp-content\/uploads\/2019\/06\/4-3-1024x768.jpg\" alt=\"\" data-id=\"1757\" data-link=\"https:\/\/www.ch-fecamp.fr\/?attachment_id=1757\" class=\"wp-image-1757\" srcset=\"https:\/\/www.ch-fecamp.fr\/wp-content\/uploads\/2019\/06\/4-3-1024x768.jpg 1024w, https:\/\/www.ch-fecamp.fr\/wp-content\/uploads\/2019\/06\/4-3-300x225.jpg 300w, https:\/\/www.ch-fecamp.fr\/wp-content\/uploads\/2019\/06\/4-3-768x576.jpg 768w, https:\/\/www.ch-fecamp.fr\/wp-content\/uploads\/2019\/06\/4-3-510x382.jpg 510w, https:\/\/www.ch-fecamp.fr\/wp-content\/uploads\/2019\/06\/4-3-1080x810.jpg 1080w\" sizes=\"(max-width: 1024px) 100vw, 1024px\" \/><\/figure><\/li><\/ul>\n\n\n\n<figure class=\"wp-block-image\"><img decoding=\"async\" loading=\"lazy\" width=\"1024\" height=\"768\" src=\"https:\/\/www.ch-fecamp.fr\/wp-content\/uploads\/2019\/06\/6-3-1024x768.jpg\" alt=\"\" class=\"wp-image-1760\" srcset=\"https:\/\/www.ch-fecamp.fr\/wp-content\/uploads\/2019\/06\/6-3-1024x768.jpg 1024w, https:\/\/www.ch-fecamp.fr\/wp-content\/uploads\/2019\/06\/6-3-300x225.jpg 300w, https:\/\/www.ch-fecamp.fr\/wp-content\/uploads\/2019\/06\/6-3-768x576.jpg 768w, https:\/\/www.ch-fecamp.fr\/wp-content\/uploads\/2019\/06\/6-3-510x382.jpg 510w, https:\/\/www.ch-fecamp.fr\/wp-content\/uploads\/2019\/06\/6-3-1080x810.jpg 1080w\" sizes=\"(max-width: 1024px) 100vw, 1024px\" \/><\/figure>\n\n\n\n<ul class=\"wp-block-gallery columns-2 is-cropped wp-block-gallery-3 is-layout-flex\"><li class=\"blocks-gallery-item\"><figure><img decoding=\"async\" loading=\"lazy\" width=\"1024\" height=\"768\" src=\"https:\/\/www.ch-fecamp.fr\/wp-content\/uploads\/2019\/06\/7-1-1024x768.jpg\" alt=\"\" data-id=\"1753\" data-link=\"https:\/\/www.ch-fecamp.fr\/?attachment_id=1753\" class=\"wp-image-1753\" srcset=\"https:\/\/www.ch-fecamp.fr\/wp-content\/uploads\/2019\/06\/7-1-1024x768.jpg 1024w, https:\/\/www.ch-fecamp.fr\/wp-content\/uploads\/2019\/06\/7-1-300x225.jpg 300w, https:\/\/www.ch-fecamp.fr\/wp-content\/uploads\/2019\/06\/7-1-768x576.jpg 768w, https:\/\/www.ch-fecamp.fr\/wp-content\/uploads\/2019\/06\/7-1-510x382.jpg 510w, https:\/\/www.ch-fecamp.fr\/wp-content\/uploads\/2019\/06\/7-1-1080x810.jpg 1080w\" sizes=\"(max-width: 1024px) 100vw, 1024px\" \/><\/figure><\/li><li class=\"blocks-gallery-item\"><figure><img decoding=\"async\" loading=\"lazy\" width=\"1024\" height=\"768\" src=\"https:\/\/www.ch-fecamp.fr\/wp-content\/uploads\/2019\/06\/9-1-1024x768.jpg\" alt=\"\" data-id=\"1755\" data-link=\"https:\/\/www.ch-fecamp.fr\/?attachment_id=1755\" class=\"wp-image-1755\" srcset=\"https:\/\/www.ch-fecamp.fr\/wp-content\/uploads\/2019\/06\/9-1-1024x768.jpg 1024w, https:\/\/www.ch-fecamp.fr\/wp-content\/uploads\/2019\/06\/9-1-300x225.jpg 300w, https:\/\/www.ch-fecamp.fr\/wp-content\/uploads\/2019\/06\/9-1-768x576.jpg 768w, https:\/\/www.ch-fecamp.fr\/wp-content\/uploads\/2019\/06\/9-1-510x382.jpg 510w, https:\/\/www.ch-fecamp.fr\/wp-content\/uploads\/2019\/06\/9-1-1080x810.jpg 1080w\" sizes=\"(max-width: 1024px) 100vw, 1024px\" \/><\/figure><\/li><\/ul>\n","protected":false},"excerpt":{"rendered":"<p>Ce mercredi 5 juin, dans le cadre d\u2019un partenariat entre Le Shamrock et la maison Saint Jacques, Espace de vie sociale, les r\u00e9sidents du Shamrock ainsi que des familles adh\u00e9rentes \u00e0 la maison Saint Jacques ont partag\u00e9 cette journ\u00e9e dans la bonne humeur et avec une certaine complicit\u00e9. Les r\u00e9sidents et les enfants accompagn\u00e9s de [&hellip;]<\/p>\n","protected":false},"author":9,"featured_media":1748,"comment_status":"closed","ping_status":"closed","sticky":false,"template":"","format":"standard","meta":[],"categories":[1],"tags":[],"_links":{"self":[{"href":"https:\/\/www.ch-fecamp.fr\/index.php\/wp-json\/wp\/v2\/posts\/1744"}],"collection":[{"href":"https:\/\/www.ch-fecamp.fr\/index.php\/wp-json\/wp\/v2\/posts"}],"about":[{"href":"https:\/\/www.ch-fecamp.fr\/index.php\/wp-json\/wp\/v2\/types\/post"}],"author":[{"embeddable":true,"href":"https:\/\/www.ch-fecamp.fr\/index.php\/wp-json\/wp\/v2\/users\/9"}],"replies":[{"embeddable":true,"href":"https:\/\/www.ch-fecamp.fr\/index.php\/wp-json\/wp\/v2\/comments?post=1744"}],"version-history":[{"count":3,"href":"https:\/\/www.ch-fecamp.fr\/index.php\/wp-json\/wp\/v2\/posts\/1744\/revisions"}],"predecessor-version":[{"id":1761,"href":"https:\/\/www.ch-fecamp.fr\/index.php\/wp-json\/wp\/v2\/posts\/1744\/revisions\/1761"}],"wp:featuredmedia":[{"embeddable":true,"href":"https:\/\/www.ch-fecamp.fr\/index.php\/wp-json\/wp\/v2\/media\/1748"}],"wp:attachment":[{"href":"https:\/\/www.ch-fecamp.fr\/index.php\/wp-json\/wp\/v2\/media?parent=1744"}],"wp:term":[{"taxonomy":"category","embeddable":true,"href":"https:\/\/www.ch-fecamp.fr\/index.php\/wp-json\/wp\/v2\/categories?post=1744"},{"taxonomy":"post_tag","embeddable":true,"href":"https:\/\/www.ch-fecamp.fr\/index.php\/wp-json\/wp\/v2\/tags?post=1744"}],"curies":[{"name":"wp","href":"https:\/\/api.w.org\/{rel}","templated":true}]}}