{"id":2140,"date":"2019-11-08T09:10:36","date_gmt":"2019-11-08T08:10:36","guid":{"rendered":"https:\/\/www.ch-fecamp.fr\/?p=2140"},"modified":"2019-11-08T09:10:36","modified_gmt":"2019-11-08T08:10:36","slug":"accueil-des-nouveaux-internes","status":"publish","type":"post","link":"https:\/\/www.ch-fecamp.fr\/index.php\/2019\/11\/08\/accueil-des-nouveaux-internes\/","title":{"rendered":"Accueil des nouveaux internes"},"content":{"rendered":"\n<p>A l\u2019occasion de l&rsquo;arriv\u00e9e des nouveaux internes en M\u00e9decine,\nla Ville de F\u00e9camp, l\u2019Agglom\u00e9ration et le Centre Hospitalier de F\u00e9camp ont\nd\u00e9cid\u00e9 de renouveler l\u2019exp\u00e9rience d&rsquo;un accueil conjoint Ville &#8211; Agglom\u00e9ration &#8211;\nH\u00f4pital, s&rsquo;inscrivant dans une volont\u00e9 d&rsquo;optimisation du lien Ville &#8211;\nAgglom\u00e9ration &#8211; H\u00f4pital et d\u2019attractivit\u00e9 en faisant conna\u00eetre \u00e0 ces futurs\nm\u00e9decins les atouts du territoire de F\u00e9camp.<\/p>\n\n\n\n<p>C&rsquo;est dans cette politique que l&rsquo;h\u00f4pital, l\u2019Agglom\u00e9ration et\nla ville de F\u00e9camp ont organis\u00e9 une journ\u00e9e d&rsquo;accueil de la nouvelle promotion\nd&rsquo;internes le lundi 04 novembre 2019 au Mus\u00e9e des P\u00eacheries. <\/p>\n\n\n\n<p>Ce semestre, ce sont donc 14 nouveaux internes qui arrivent\nsur notre territoire. 12 d&rsquo;entre eux se r\u00e9partiront sur l&rsquo;h\u00f4pital (10 internes\nde M\u00e9decine G\u00e9n\u00e9rale iront en Maternit\u00e9\/P\u00e9diatrie\/Cardiologie \u2013 SSR\/Urgences et\n2 internes de sp\u00e9cialit\u00e9 en imagerie m\u00e9dicale), 2 internes aux cot\u00e9s des\nm\u00e9decins lib\u00e9raux de la ville, les Docteurs GIRAULT et LEDOUX. <\/p>\n\n\n\n<p>Ils viennent tous de la Facult\u00e9 de Rouen et connaissent d\u00e9j\u00e0\npour certains le territoire de F\u00e9camp, voire l&rsquo;h\u00f4pital, deux d\u2019entre eux y\nayant d\u00e9j\u00e0 travaill\u00e9 le semestre dernier au sein des Urgences. <\/p>\n\n\n\n<p>Depuis mai 2019, le Centre Hospitalier a ouvert un internat en centre ville qui permet de loger 7 internes ce qui est un plus car cela \u00e9vite les allers retours quotidiens \u00e0 Rouen. <\/p>\n\n\n\n<ul class=\"wp-block-gallery columns-3 is-cropped wp-block-gallery-1 is-layout-flex\"><li class=\"blocks-gallery-item\"><figure><img decoding=\"async\" loading=\"lazy\" width=\"1024\" height=\"768\" src=\"https:\/\/www.ch-fecamp.fr\/wp-content\/uploads\/2019\/11\/69618905_416741202333951_571550384913383424_n-1024x768.jpg\" alt=\"\" data-id=\"2141\" data-link=\"https:\/\/www.ch-fecamp.fr\/?attachment_id=2141\" class=\"wp-image-2141\" srcset=\"https:\/\/www.ch-fecamp.fr\/wp-content\/uploads\/2019\/11\/69618905_416741202333951_571550384913383424_n-1024x768.jpg 1024w, https:\/\/www.ch-fecamp.fr\/wp-content\/uploads\/2019\/11\/69618905_416741202333951_571550384913383424_n-300x225.jpg 300w, https:\/\/www.ch-fecamp.fr\/wp-content\/uploads\/2019\/11\/69618905_416741202333951_571550384913383424_n-768x576.jpg 768w, https:\/\/www.ch-fecamp.fr\/wp-content\/uploads\/2019\/11\/69618905_416741202333951_571550384913383424_n-510x382.jpg 510w, https:\/\/www.ch-fecamp.fr\/wp-content\/uploads\/2019\/11\/69618905_416741202333951_571550384913383424_n-1080x810.jpg 1080w\" sizes=\"(max-width: 1024px) 100vw, 1024px\" \/><\/figure><\/li><li class=\"blocks-gallery-item\"><figure><img decoding=\"async\" loading=\"lazy\" width=\"1024\" height=\"768\" src=\"https:\/\/www.ch-fecamp.fr\/wp-content\/uploads\/2019\/11\/73482867_963520813991952_3555140500451229696_n-1024x768.jpg\" alt=\"\" data-id=\"2142\" data-link=\"https:\/\/www.ch-fecamp.fr\/?attachment_id=2142\" class=\"wp-image-2142\" srcset=\"https:\/\/www.ch-fecamp.fr\/wp-content\/uploads\/2019\/11\/73482867_963520813991952_3555140500451229696_n-1024x768.jpg 1024w, https:\/\/www.ch-fecamp.fr\/wp-content\/uploads\/2019\/11\/73482867_963520813991952_3555140500451229696_n-300x225.jpg 300w, https:\/\/www.ch-fecamp.fr\/wp-content\/uploads\/2019\/11\/73482867_963520813991952_3555140500451229696_n-768x576.jpg 768w, https:\/\/www.ch-fecamp.fr\/wp-content\/uploads\/2019\/11\/73482867_963520813991952_3555140500451229696_n-510x382.jpg 510w, https:\/\/www.ch-fecamp.fr\/wp-content\/uploads\/2019\/11\/73482867_963520813991952_3555140500451229696_n-1080x810.jpg 1080w\" sizes=\"(max-width: 1024px) 100vw, 1024px\" \/><\/figure><\/li><li class=\"blocks-gallery-item\"><figure><img decoding=\"async\" loading=\"lazy\" width=\"1024\" height=\"768\" src=\"https:\/\/www.ch-fecamp.fr\/wp-content\/uploads\/2019\/11\/73513618_589609715200213_9064609511355973632_n-1024x768.jpg\" alt=\"\" data-id=\"2143\" data-link=\"https:\/\/www.ch-fecamp.fr\/?attachment_id=2143\" class=\"wp-image-2143\" srcset=\"https:\/\/www.ch-fecamp.fr\/wp-content\/uploads\/2019\/11\/73513618_589609715200213_9064609511355973632_n-1024x768.jpg 1024w, https:\/\/www.ch-fecamp.fr\/wp-content\/uploads\/2019\/11\/73513618_589609715200213_9064609511355973632_n-300x225.jpg 300w, https:\/\/www.ch-fecamp.fr\/wp-content\/uploads\/2019\/11\/73513618_589609715200213_9064609511355973632_n-768x576.jpg 768w, https:\/\/www.ch-fecamp.fr\/wp-content\/uploads\/2019\/11\/73513618_589609715200213_9064609511355973632_n-510x382.jpg 510w, https:\/\/www.ch-fecamp.fr\/wp-content\/uploads\/2019\/11\/73513618_589609715200213_9064609511355973632_n-1080x810.jpg 1080w\" sizes=\"(max-width: 1024px) 100vw, 1024px\" \/><\/figure><\/li><li class=\"blocks-gallery-item\"><figure><img decoding=\"async\" loading=\"lazy\" width=\"1024\" height=\"768\" src=\"https:\/\/www.ch-fecamp.fr\/wp-content\/uploads\/2019\/11\/74205655_758971804526106_6603283596490833920_n-1024x768.jpg\" alt=\"\" data-id=\"2144\" data-link=\"https:\/\/www.ch-fecamp.fr\/?attachment_id=2144\" class=\"wp-image-2144\" srcset=\"https:\/\/www.ch-fecamp.fr\/wp-content\/uploads\/2019\/11\/74205655_758971804526106_6603283596490833920_n-1024x768.jpg 1024w, https:\/\/www.ch-fecamp.fr\/wp-content\/uploads\/2019\/11\/74205655_758971804526106_6603283596490833920_n-300x225.jpg 300w, https:\/\/www.ch-fecamp.fr\/wp-content\/uploads\/2019\/11\/74205655_758971804526106_6603283596490833920_n-768x576.jpg 768w, https:\/\/www.ch-fecamp.fr\/wp-content\/uploads\/2019\/11\/74205655_758971804526106_6603283596490833920_n-510x382.jpg 510w, https:\/\/www.ch-fecamp.fr\/wp-content\/uploads\/2019\/11\/74205655_758971804526106_6603283596490833920_n-1080x810.jpg 1080w\" sizes=\"(max-width: 1024px) 100vw, 1024px\" \/><\/figure><\/li><li class=\"blocks-gallery-item\"><figure><img decoding=\"async\" loading=\"lazy\" width=\"1024\" height=\"768\" src=\"https:\/\/www.ch-fecamp.fr\/wp-content\/uploads\/2019\/11\/74214445_413276592928704_470578237815128064_n-1024x768.jpg\" alt=\"\" data-id=\"2145\" data-link=\"https:\/\/www.ch-fecamp.fr\/?attachment_id=2145\" class=\"wp-image-2145\" srcset=\"https:\/\/www.ch-fecamp.fr\/wp-content\/uploads\/2019\/11\/74214445_413276592928704_470578237815128064_n-1024x768.jpg 1024w, https:\/\/www.ch-fecamp.fr\/wp-content\/uploads\/2019\/11\/74214445_413276592928704_470578237815128064_n-300x225.jpg 300w, https:\/\/www.ch-fecamp.fr\/wp-content\/uploads\/2019\/11\/74214445_413276592928704_470578237815128064_n-768x576.jpg 768w, https:\/\/www.ch-fecamp.fr\/wp-content\/uploads\/2019\/11\/74214445_413276592928704_470578237815128064_n-510x382.jpg 510w, https:\/\/www.ch-fecamp.fr\/wp-content\/uploads\/2019\/11\/74214445_413276592928704_470578237815128064_n-1080x810.jpg 1080w\" sizes=\"(max-width: 1024px) 100vw, 1024px\" \/><\/figure><\/li><li class=\"blocks-gallery-item\"><figure><img decoding=\"async\" loading=\"lazy\" width=\"1024\" height=\"768\" src=\"https:\/\/www.ch-fecamp.fr\/wp-content\/uploads\/2019\/11\/74283604_396406544576765_1482756318421843968_n-1024x768.jpg\" alt=\"\" data-id=\"2146\" data-link=\"https:\/\/www.ch-fecamp.fr\/?attachment_id=2146\" class=\"wp-image-2146\" srcset=\"https:\/\/www.ch-fecamp.fr\/wp-content\/uploads\/2019\/11\/74283604_396406544576765_1482756318421843968_n-1024x768.jpg 1024w, https:\/\/www.ch-fecamp.fr\/wp-content\/uploads\/2019\/11\/74283604_396406544576765_1482756318421843968_n-300x225.jpg 300w, https:\/\/www.ch-fecamp.fr\/wp-content\/uploads\/2019\/11\/74283604_396406544576765_1482756318421843968_n-768x576.jpg 768w, https:\/\/www.ch-fecamp.fr\/wp-content\/uploads\/2019\/11\/74283604_396406544576765_1482756318421843968_n-510x382.jpg 510w, https:\/\/www.ch-fecamp.fr\/wp-content\/uploads\/2019\/11\/74283604_396406544576765_1482756318421843968_n-1080x810.jpg 1080w\" sizes=\"(max-width: 1024px) 100vw, 1024px\" \/><\/figure><\/li><li class=\"blocks-gallery-item\"><figure><img decoding=\"async\" loading=\"lazy\" width=\"1024\" height=\"768\" src=\"https:\/\/www.ch-fecamp.fr\/wp-content\/uploads\/2019\/11\/74530521_452068062110784_15327393954660352_n-1024x768.jpg\" alt=\"\" data-id=\"2148\" data-link=\"https:\/\/www.ch-fecamp.fr\/?attachment_id=2148\" class=\"wp-image-2148\" srcset=\"https:\/\/www.ch-fecamp.fr\/wp-content\/uploads\/2019\/11\/74530521_452068062110784_15327393954660352_n-1024x768.jpg 1024w, https:\/\/www.ch-fecamp.fr\/wp-content\/uploads\/2019\/11\/74530521_452068062110784_15327393954660352_n-300x225.jpg 300w, https:\/\/www.ch-fecamp.fr\/wp-content\/uploads\/2019\/11\/74530521_452068062110784_15327393954660352_n-768x576.jpg 768w, https:\/\/www.ch-fecamp.fr\/wp-content\/uploads\/2019\/11\/74530521_452068062110784_15327393954660352_n-510x382.jpg 510w, https:\/\/www.ch-fecamp.fr\/wp-content\/uploads\/2019\/11\/74530521_452068062110784_15327393954660352_n-1080x810.jpg 1080w\" sizes=\"(max-width: 1024px) 100vw, 1024px\" \/><\/figure><\/li><li class=\"blocks-gallery-item\"><figure><img decoding=\"async\" loading=\"lazy\" width=\"1024\" height=\"768\" src=\"https:\/\/www.ch-fecamp.fr\/wp-content\/uploads\/2019\/11\/74590693_1358440727663324_6395396871442923520_n-1024x768.jpg\" alt=\"\" data-id=\"2149\" data-link=\"https:\/\/www.ch-fecamp.fr\/?attachment_id=2149\" class=\"wp-image-2149\" srcset=\"https:\/\/www.ch-fecamp.fr\/wp-content\/uploads\/2019\/11\/74590693_1358440727663324_6395396871442923520_n-1024x768.jpg 1024w, https:\/\/www.ch-fecamp.fr\/wp-content\/uploads\/2019\/11\/74590693_1358440727663324_6395396871442923520_n-300x225.jpg 300w, https:\/\/www.ch-fecamp.fr\/wp-content\/uploads\/2019\/11\/74590693_1358440727663324_6395396871442923520_n-768x576.jpg 768w, https:\/\/www.ch-fecamp.fr\/wp-content\/uploads\/2019\/11\/74590693_1358440727663324_6395396871442923520_n-510x382.jpg 510w, https:\/\/www.ch-fecamp.fr\/wp-content\/uploads\/2019\/11\/74590693_1358440727663324_6395396871442923520_n-1080x810.jpg 1080w\" sizes=\"(max-width: 1024px) 100vw, 1024px\" \/><\/figure><\/li><li class=\"blocks-gallery-item\"><figure><img decoding=\"async\" loading=\"lazy\" width=\"1024\" height=\"768\" src=\"https:\/\/www.ch-fecamp.fr\/wp-content\/uploads\/2019\/11\/74987312_521023078476743_2620431599660957696_n-1024x768.jpg\" alt=\"\" data-id=\"2150\" data-link=\"https:\/\/www.ch-fecamp.fr\/?attachment_id=2150\" class=\"wp-image-2150\" srcset=\"https:\/\/www.ch-fecamp.fr\/wp-content\/uploads\/2019\/11\/74987312_521023078476743_2620431599660957696_n-1024x768.jpg 1024w, https:\/\/www.ch-fecamp.fr\/wp-content\/uploads\/2019\/11\/74987312_521023078476743_2620431599660957696_n-300x225.jpg 300w, https:\/\/www.ch-fecamp.fr\/wp-content\/uploads\/2019\/11\/74987312_521023078476743_2620431599660957696_n-768x576.jpg 768w, https:\/\/www.ch-fecamp.fr\/wp-content\/uploads\/2019\/11\/74987312_521023078476743_2620431599660957696_n-510x382.jpg 510w, https:\/\/www.ch-fecamp.fr\/wp-content\/uploads\/2019\/11\/74987312_521023078476743_2620431599660957696_n-1080x810.jpg 1080w\" sizes=\"(max-width: 1024px) 100vw, 1024px\" \/><\/figure><\/li><li class=\"blocks-gallery-item\"><figure><img decoding=\"async\" loading=\"lazy\" width=\"1024\" height=\"768\" src=\"https:\/\/www.ch-fecamp.fr\/wp-content\/uploads\/2019\/11\/75534270_428004744574880_3434075886456930304_n-1024x768.jpg\" alt=\"\" data-id=\"2151\" data-link=\"https:\/\/www.ch-fecamp.fr\/?attachment_id=2151\" class=\"wp-image-2151\" srcset=\"https:\/\/www.ch-fecamp.fr\/wp-content\/uploads\/2019\/11\/75534270_428004744574880_3434075886456930304_n-1024x768.jpg 1024w, https:\/\/www.ch-fecamp.fr\/wp-content\/uploads\/2019\/11\/75534270_428004744574880_3434075886456930304_n-300x225.jpg 300w, https:\/\/www.ch-fecamp.fr\/wp-content\/uploads\/2019\/11\/75534270_428004744574880_3434075886456930304_n-768x576.jpg 768w, https:\/\/www.ch-fecamp.fr\/wp-content\/uploads\/2019\/11\/75534270_428004744574880_3434075886456930304_n-510x382.jpg 510w, https:\/\/www.ch-fecamp.fr\/wp-content\/uploads\/2019\/11\/75534270_428004744574880_3434075886456930304_n-1080x810.jpg 1080w\" sizes=\"(max-width: 1024px) 100vw, 1024px\" \/><\/figure><\/li><\/ul>\n","protected":false},"excerpt":{"rendered":"<p>A l\u2019occasion de l&rsquo;arriv\u00e9e des nouveaux internes en M\u00e9decine, la Ville de F\u00e9camp, l\u2019Agglom\u00e9ration et le Centre Hospitalier de F\u00e9camp ont d\u00e9cid\u00e9 de renouveler l\u2019exp\u00e9rience d&rsquo;un accueil conjoint Ville &#8211; Agglom\u00e9ration &#8211; H\u00f4pital, s&rsquo;inscrivant dans une volont\u00e9 d&rsquo;optimisation du lien Ville &#8211; Agglom\u00e9ration &#8211; H\u00f4pital et d\u2019attractivit\u00e9 en faisant conna\u00eetre \u00e0 ces futurs m\u00e9decins les [&hellip;]<\/p>\n","protected":false},"author":9,"featured_media":2145,"comment_status":"closed","ping_status":"closed","sticky":false,"template":"","format":"standard","meta":[],"categories":[1],"tags":[],"_links":{"self":[{"href":"https:\/\/www.ch-fecamp.fr\/index.php\/wp-json\/wp\/v2\/posts\/2140"}],"collection":[{"href":"https:\/\/www.ch-fecamp.fr\/index.php\/wp-json\/wp\/v2\/posts"}],"about":[{"href":"https:\/\/www.ch-fecamp.fr\/index.php\/wp-json\/wp\/v2\/types\/post"}],"author":[{"embeddable":true,"href":"https:\/\/www.ch-fecamp.fr\/index.php\/wp-json\/wp\/v2\/users\/9"}],"replies":[{"embeddable":true,"href":"https:\/\/www.ch-fecamp.fr\/index.php\/wp-json\/wp\/v2\/comments?post=2140"}],"version-history":[{"count":1,"href":"https:\/\/www.ch-fecamp.fr\/index.php\/wp-json\/wp\/v2\/posts\/2140\/revisions"}],"predecessor-version":[{"id":2152,"href":"https:\/\/www.ch-fecamp.fr\/index.php\/wp-json\/wp\/v2\/posts\/2140\/revisions\/2152"}],"wp:featuredmedia":[{"embeddable":true,"href":"https:\/\/www.ch-fecamp.fr\/index.php\/wp-json\/wp\/v2\/media\/2145"}],"wp:attachment":[{"href":"https:\/\/www.ch-fecamp.fr\/index.php\/wp-json\/wp\/v2\/media?parent=2140"}],"wp:term":[{"taxonomy":"category","embeddable":true,"href":"https:\/\/www.ch-fecamp.fr\/index.php\/wp-json\/wp\/v2\/categories?post=2140"},{"taxonomy":"post_tag","embeddable":true,"href":"https:\/\/www.ch-fecamp.fr\/index.php\/wp-json\/wp\/v2\/tags?post=2140"}],"curies":[{"name":"wp","href":"https:\/\/api.w.org\/{rel}","templated":true}]}}