{"id":3774,"date":"2022-07-19T16:08:05","date_gmt":"2022-07-19T14:08:05","guid":{"rendered":"https:\/\/www.ch-fecamp.fr\/?p=3774"},"modified":"2022-07-19T16:18:36","modified_gmt":"2022-07-19T14:18:36","slug":"la-grand-vadrouille","status":"publish","type":"post","link":"https:\/\/www.ch-fecamp.fr\/index.php\/2022\/07\/19\/la-grand-vadrouille\/","title":{"rendered":"La grand Vadrouille"},"content":{"rendered":"\n<p>Huit r\u00e9sidents du Centre Yvon Lamour sont partis trois jours \u00e0 Fort-Mahon-Plage, en Baie-de-Somme, accompagn\u00e9s d\u2019Anne LECROSEY, animatrice, de V\u00e9ronique Beaufils, d\u2019Emilie BOUCHER, de Christelle BECHET et d\u2019Isabelle NOEL, accompagnatrices.<\/p>\n\n\n\n<p>Les r\u00e9sidents ont nomm\u00e9 leur escapade \u00ab La grand Vadrouille \u00bb.<\/p>\n\n\n\n<p>Une parenth\u00e8se ensoleill\u00e9e rythm\u00e9e par des promenades sur la plage, des repas au restaurant et une visite en train touristique.<\/p>\n\n\n\n<p>Les r\u00e9sidents ont appr\u00e9ci\u00e9 les moments pass\u00e9s avec les membres de l\u2019\u00e9quipe et sont pr\u00eats \u00e0 renouveler l\u2019exp\u00e9rience.<\/p>\n\n\n\n<figure class=\"wp-block-gallery columns-3 is-cropped wp-block-gallery-1 is-layout-flex\"><ul class=\"blocks-gallery-grid\"><li class=\"blocks-gallery-item\"><figure><img decoding=\"async\" loading=\"lazy\" width=\"1024\" height=\"681\" src=\"https:\/\/www.ch-fecamp.fr\/wp-content\/uploads\/2022\/07\/DSC_0027-1024x681.jpg\" alt=\"\" data-id=\"3775\" data-full-url=\"https:\/\/www.ch-fecamp.fr\/wp-content\/uploads\/2022\/07\/DSC_0027-scaled.jpg\" data-link=\"https:\/\/www.ch-fecamp.fr\/?attachment_id=3775\" class=\"wp-image-3775\" srcset=\"https:\/\/www.ch-fecamp.fr\/wp-content\/uploads\/2022\/07\/DSC_0027-1024x681.jpg 1024w, https:\/\/www.ch-fecamp.fr\/wp-content\/uploads\/2022\/07\/DSC_0027-300x199.jpg 300w, https:\/\/www.ch-fecamp.fr\/wp-content\/uploads\/2022\/07\/DSC_0027-768x511.jpg 768w, https:\/\/www.ch-fecamp.fr\/wp-content\/uploads\/2022\/07\/DSC_0027-1536x1021.jpg 1536w, https:\/\/www.ch-fecamp.fr\/wp-content\/uploads\/2022\/07\/DSC_0027-2048x1362.jpg 2048w, https:\/\/www.ch-fecamp.fr\/wp-content\/uploads\/2022\/07\/DSC_0027-1080x718.jpg 1080w\" sizes=\"(max-width: 1024px) 100vw, 1024px\" \/><\/figure><\/li><li class=\"blocks-gallery-item\"><figure><img decoding=\"async\" loading=\"lazy\" width=\"1024\" height=\"681\" src=\"https:\/\/www.ch-fecamp.fr\/wp-content\/uploads\/2022\/07\/DSC_0039-1024x681.jpg\" alt=\"\" data-id=\"3776\" data-full-url=\"https:\/\/www.ch-fecamp.fr\/wp-content\/uploads\/2022\/07\/DSC_0039-scaled.jpg\" data-link=\"https:\/\/www.ch-fecamp.fr\/?attachment_id=3776\" class=\"wp-image-3776\" srcset=\"https:\/\/www.ch-fecamp.fr\/wp-content\/uploads\/2022\/07\/DSC_0039-1024x681.jpg 1024w, https:\/\/www.ch-fecamp.fr\/wp-content\/uploads\/2022\/07\/DSC_0039-300x199.jpg 300w, https:\/\/www.ch-fecamp.fr\/wp-content\/uploads\/2022\/07\/DSC_0039-768x511.jpg 768w, https:\/\/www.ch-fecamp.fr\/wp-content\/uploads\/2022\/07\/DSC_0039-1536x1021.jpg 1536w, https:\/\/www.ch-fecamp.fr\/wp-content\/uploads\/2022\/07\/DSC_0039-2048x1362.jpg 2048w, https:\/\/www.ch-fecamp.fr\/wp-content\/uploads\/2022\/07\/DSC_0039-1080x718.jpg 1080w\" sizes=\"(max-width: 1024px) 100vw, 1024px\" \/><\/figure><\/li><li class=\"blocks-gallery-item\"><figure><img decoding=\"async\" loading=\"lazy\" width=\"1024\" height=\"681\" src=\"https:\/\/www.ch-fecamp.fr\/wp-content\/uploads\/2022\/07\/DSC_0064-1024x681.jpg\" alt=\"\" data-id=\"3777\" data-full-url=\"https:\/\/www.ch-fecamp.fr\/wp-content\/uploads\/2022\/07\/DSC_0064-scaled.jpg\" data-link=\"https:\/\/www.ch-fecamp.fr\/?attachment_id=3777\" class=\"wp-image-3777\" srcset=\"https:\/\/www.ch-fecamp.fr\/wp-content\/uploads\/2022\/07\/DSC_0064-1024x681.jpg 1024w, https:\/\/www.ch-fecamp.fr\/wp-content\/uploads\/2022\/07\/DSC_0064-300x199.jpg 300w, https:\/\/www.ch-fecamp.fr\/wp-content\/uploads\/2022\/07\/DSC_0064-768x511.jpg 768w, https:\/\/www.ch-fecamp.fr\/wp-content\/uploads\/2022\/07\/DSC_0064-1536x1021.jpg 1536w, https:\/\/www.ch-fecamp.fr\/wp-content\/uploads\/2022\/07\/DSC_0064-2048x1362.jpg 2048w, https:\/\/www.ch-fecamp.fr\/wp-content\/uploads\/2022\/07\/DSC_0064-1080x718.jpg 1080w\" sizes=\"(max-width: 1024px) 100vw, 1024px\" \/><\/figure><\/li><li class=\"blocks-gallery-item\"><figure><img decoding=\"async\" loading=\"lazy\" width=\"1024\" height=\"681\" src=\"https:\/\/www.ch-fecamp.fr\/wp-content\/uploads\/2022\/07\/DSC_0079-1024x681.jpg\" alt=\"\" data-id=\"3778\" data-full-url=\"https:\/\/www.ch-fecamp.fr\/wp-content\/uploads\/2022\/07\/DSC_0079-scaled.jpg\" data-link=\"https:\/\/www.ch-fecamp.fr\/?attachment_id=3778\" class=\"wp-image-3778\" srcset=\"https:\/\/www.ch-fecamp.fr\/wp-content\/uploads\/2022\/07\/DSC_0079-1024x681.jpg 1024w, https:\/\/www.ch-fecamp.fr\/wp-content\/uploads\/2022\/07\/DSC_0079-300x199.jpg 300w, https:\/\/www.ch-fecamp.fr\/wp-content\/uploads\/2022\/07\/DSC_0079-768x511.jpg 768w, https:\/\/www.ch-fecamp.fr\/wp-content\/uploads\/2022\/07\/DSC_0079-1536x1021.jpg 1536w, https:\/\/www.ch-fecamp.fr\/wp-content\/uploads\/2022\/07\/DSC_0079-2048x1362.jpg 2048w, https:\/\/www.ch-fecamp.fr\/wp-content\/uploads\/2022\/07\/DSC_0079-1080x718.jpg 1080w\" sizes=\"(max-width: 1024px) 100vw, 1024px\" \/><\/figure><\/li><li class=\"blocks-gallery-item\"><figure><img decoding=\"async\" loading=\"lazy\" width=\"1024\" height=\"681\" src=\"https:\/\/www.ch-fecamp.fr\/wp-content\/uploads\/2022\/07\/DSC_0089-1024x681.jpg\" alt=\"\" data-id=\"3779\" data-full-url=\"https:\/\/www.ch-fecamp.fr\/wp-content\/uploads\/2022\/07\/DSC_0089-scaled.jpg\" data-link=\"https:\/\/www.ch-fecamp.fr\/?attachment_id=3779\" class=\"wp-image-3779\" srcset=\"https:\/\/www.ch-fecamp.fr\/wp-content\/uploads\/2022\/07\/DSC_0089-1024x681.jpg 1024w, https:\/\/www.ch-fecamp.fr\/wp-content\/uploads\/2022\/07\/DSC_0089-300x199.jpg 300w, https:\/\/www.ch-fecamp.fr\/wp-content\/uploads\/2022\/07\/DSC_0089-768x511.jpg 768w, https:\/\/www.ch-fecamp.fr\/wp-content\/uploads\/2022\/07\/DSC_0089-1536x1021.jpg 1536w, https:\/\/www.ch-fecamp.fr\/wp-content\/uploads\/2022\/07\/DSC_0089-2048x1362.jpg 2048w, https:\/\/www.ch-fecamp.fr\/wp-content\/uploads\/2022\/07\/DSC_0089-1080x718.jpg 1080w\" sizes=\"(max-width: 1024px) 100vw, 1024px\" \/><\/figure><\/li><li class=\"blocks-gallery-item\"><figure><img decoding=\"async\" loading=\"lazy\" width=\"1024\" height=\"681\" src=\"https:\/\/www.ch-fecamp.fr\/wp-content\/uploads\/2022\/07\/DSC_0106-1024x681.jpg\" alt=\"\" data-id=\"3780\" data-full-url=\"https:\/\/www.ch-fecamp.fr\/wp-content\/uploads\/2022\/07\/DSC_0106-scaled.jpg\" data-link=\"https:\/\/www.ch-fecamp.fr\/?attachment_id=3780\" class=\"wp-image-3780\" srcset=\"https:\/\/www.ch-fecamp.fr\/wp-content\/uploads\/2022\/07\/DSC_0106-1024x681.jpg 1024w, https:\/\/www.ch-fecamp.fr\/wp-content\/uploads\/2022\/07\/DSC_0106-300x199.jpg 300w, https:\/\/www.ch-fecamp.fr\/wp-content\/uploads\/2022\/07\/DSC_0106-768x511.jpg 768w, https:\/\/www.ch-fecamp.fr\/wp-content\/uploads\/2022\/07\/DSC_0106-1536x1021.jpg 1536w, https:\/\/www.ch-fecamp.fr\/wp-content\/uploads\/2022\/07\/DSC_0106-2048x1362.jpg 2048w, https:\/\/www.ch-fecamp.fr\/wp-content\/uploads\/2022\/07\/DSC_0106-1080x718.jpg 1080w\" sizes=\"(max-width: 1024px) 100vw, 1024px\" \/><\/figure><\/li><li class=\"blocks-gallery-item\"><figure><img decoding=\"async\" loading=\"lazy\" width=\"1024\" height=\"681\" src=\"https:\/\/www.ch-fecamp.fr\/wp-content\/uploads\/2022\/07\/DSC_0123-1024x681.jpg\" alt=\"\" data-id=\"3781\" data-full-url=\"https:\/\/www.ch-fecamp.fr\/wp-content\/uploads\/2022\/07\/DSC_0123-scaled.jpg\" data-link=\"https:\/\/www.ch-fecamp.fr\/?attachment_id=3781\" class=\"wp-image-3781\" srcset=\"https:\/\/www.ch-fecamp.fr\/wp-content\/uploads\/2022\/07\/DSC_0123-1024x681.jpg 1024w, https:\/\/www.ch-fecamp.fr\/wp-content\/uploads\/2022\/07\/DSC_0123-300x199.jpg 300w, https:\/\/www.ch-fecamp.fr\/wp-content\/uploads\/2022\/07\/DSC_0123-768x511.jpg 768w, https:\/\/www.ch-fecamp.fr\/wp-content\/uploads\/2022\/07\/DSC_0123-1536x1021.jpg 1536w, https:\/\/www.ch-fecamp.fr\/wp-content\/uploads\/2022\/07\/DSC_0123-2048x1362.jpg 2048w, https:\/\/www.ch-fecamp.fr\/wp-content\/uploads\/2022\/07\/DSC_0123-1080x718.jpg 1080w\" sizes=\"(max-width: 1024px) 100vw, 1024px\" \/><\/figure><\/li><li class=\"blocks-gallery-item\"><figure><img decoding=\"async\" loading=\"lazy\" width=\"1024\" height=\"681\" src=\"https:\/\/www.ch-fecamp.fr\/wp-content\/uploads\/2022\/07\/DSC_0160-1024x681.jpg\" alt=\"\" data-id=\"3782\" data-full-url=\"https:\/\/www.ch-fecamp.fr\/wp-content\/uploads\/2022\/07\/DSC_0160-scaled.jpg\" data-link=\"https:\/\/www.ch-fecamp.fr\/?attachment_id=3782\" class=\"wp-image-3782\" srcset=\"https:\/\/www.ch-fecamp.fr\/wp-content\/uploads\/2022\/07\/DSC_0160-1024x681.jpg 1024w, https:\/\/www.ch-fecamp.fr\/wp-content\/uploads\/2022\/07\/DSC_0160-300x199.jpg 300w, https:\/\/www.ch-fecamp.fr\/wp-content\/uploads\/2022\/07\/DSC_0160-768x511.jpg 768w, https:\/\/www.ch-fecamp.fr\/wp-content\/uploads\/2022\/07\/DSC_0160-1536x1021.jpg 1536w, https:\/\/www.ch-fecamp.fr\/wp-content\/uploads\/2022\/07\/DSC_0160-2048x1362.jpg 2048w, https:\/\/www.ch-fecamp.fr\/wp-content\/uploads\/2022\/07\/DSC_0160-1080x718.jpg 1080w\" sizes=\"(max-width: 1024px) 100vw, 1024px\" \/><\/figure><\/li><li class=\"blocks-gallery-item\"><figure><img decoding=\"async\" loading=\"lazy\" width=\"480\" height=\"640\" src=\"https:\/\/www.ch-fecamp.fr\/wp-content\/uploads\/2022\/07\/ioua.png\" alt=\"\" data-id=\"3783\" data-full-url=\"https:\/\/www.ch-fecamp.fr\/wp-content\/uploads\/2022\/07\/ioua.png\" data-link=\"https:\/\/www.ch-fecamp.fr\/?attachment_id=3783\" class=\"wp-image-3783\" srcset=\"https:\/\/www.ch-fecamp.fr\/wp-content\/uploads\/2022\/07\/ioua.png 480w, https:\/\/www.ch-fecamp.fr\/wp-content\/uploads\/2022\/07\/ioua-225x300.png 225w\" sizes=\"(max-width: 480px) 100vw, 480px\" \/><\/figure><\/li><\/ul><\/figure>\n","protected":false},"excerpt":{"rendered":"<p>Huit r\u00e9sidents du Centre Yvon Lamour sont partis trois jours \u00e0 Fort-Mahon-Plage, en Baie-de-Somme, accompagn\u00e9s d\u2019Anne LECROSEY, animatrice, de V\u00e9ronique Beaufils, d\u2019Emilie BOUCHER, de Christelle BECHET et d\u2019Isabelle NOEL, accompagnatrices. Les r\u00e9sidents ont nomm\u00e9 leur escapade \u00ab La grand Vadrouille \u00bb. Une parenth\u00e8se ensoleill\u00e9e rythm\u00e9e par des promenades sur la plage, des repas au restaurant [&hellip;]<\/p>\n","protected":false},"author":9,"featured_media":3776,"comment_status":"closed","ping_status":"closed","sticky":false,"template":"","format":"standard","meta":[],"categories":[1],"tags":[],"_links":{"self":[{"href":"https:\/\/www.ch-fecamp.fr\/index.php\/wp-json\/wp\/v2\/posts\/3774"}],"collection":[{"href":"https:\/\/www.ch-fecamp.fr\/index.php\/wp-json\/wp\/v2\/posts"}],"about":[{"href":"https:\/\/www.ch-fecamp.fr\/index.php\/wp-json\/wp\/v2\/types\/post"}],"author":[{"embeddable":true,"href":"https:\/\/www.ch-fecamp.fr\/index.php\/wp-json\/wp\/v2\/users\/9"}],"replies":[{"embeddable":true,"href":"https:\/\/www.ch-fecamp.fr\/index.php\/wp-json\/wp\/v2\/comments?post=3774"}],"version-history":[{"count":2,"href":"https:\/\/www.ch-fecamp.fr\/index.php\/wp-json\/wp\/v2\/posts\/3774\/revisions"}],"predecessor-version":[{"id":3785,"href":"https:\/\/www.ch-fecamp.fr\/index.php\/wp-json\/wp\/v2\/posts\/3774\/revisions\/3785"}],"wp:featuredmedia":[{"embeddable":true,"href":"https:\/\/www.ch-fecamp.fr\/index.php\/wp-json\/wp\/v2\/media\/3776"}],"wp:attachment":[{"href":"https:\/\/www.ch-fecamp.fr\/index.php\/wp-json\/wp\/v2\/media?parent=3774"}],"wp:term":[{"taxonomy":"category","embeddable":true,"href":"https:\/\/www.ch-fecamp.fr\/index.php\/wp-json\/wp\/v2\/categories?post=3774"},{"taxonomy":"post_tag","embeddable":true,"href":"https:\/\/www.ch-fecamp.fr\/index.php\/wp-json\/wp\/v2\/tags?post=3774"}],"curies":[{"name":"wp","href":"https:\/\/api.w.org\/{rel}","templated":true}]}}