{"id":4286,"date":"2023-12-05T16:41:20","date_gmt":"2023-12-05T15:41:20","guid":{"rendered":"https:\/\/www.ch-fecamp.fr\/?p=4286"},"modified":"2023-12-05T16:41:21","modified_gmt":"2023-12-05T15:41:21","slug":"clip-musical-a-la-residence-du-shamrock-sur-le-theme-des-vacances","status":"publish","type":"post","link":"https:\/\/www.ch-fecamp.fr\/index.php\/2023\/12\/05\/clip-musical-a-la-residence-du-shamrock-sur-le-theme-des-vacances\/","title":{"rendered":"Clip musical \u00e0 la r\u00e9sidence du Shamrock sur le th\u00e8me des vacances."},"content":{"rendered":"\n<p>\u00c0 la r\u00e9sidence du Shamrock, les r\u00e9sidents accompagn\u00e9s de Yohann DUHAMEL, animateur, ont tourn\u00e9 un nouveau clip musical avec Monsieur Bailly Olivier (Noon) (Auteur-Compositeur-Interpr\u00e8te).<\/p>\n\n\n\n<p>Un premier clip avait \u00e9t\u00e9 tourn\u00e9 en 2021 sur le th\u00e8me des b\u00eatises que l\u2019on peut faire enfant. <a href=\"https:\/\/fb.watch\/78NFIvXFYi\/\">https:\/\/fb.watch\/78NFIvXFYi\/<\/a><\/p>\n\n\n\n<p>Cette ann\u00e9e, ils abordent le th\u00e8me des vacances.<\/p>\n\n\n\n<p>La chanson \u00e9crite par Noon, fut r\u00e9alis\u00e9e \u00e0 partir des souvenirs des r\u00e9sidents et raconte les anecdotes qu\u2019ont v\u00e9cues les r\u00e9sidents durant leurs vies. Au total 10 s\u00e9ances d\u2019\u00e9criture du texte de la chanson ont eu lieu.<\/p>\n\n\n\n<p>Elle fut ensuite enregistr\u00e9e au Shamrock et sur le front de mer de F\u00e9camp par Jordan Le Pr\u00e9vost-Lofong (Barman records).<\/p>\n\n\n\n<p>Ce projet a \u00e9t\u00e9 en partie financ\u00e9 par l&rsquo;Association pour le Bien Etre des Personnes Ag\u00e9es (ABEPA) qui depuis bient\u00f4t 30 ans, \u0153uvre pour apporter du bonheur aux r\u00e9sidents des \u00e9tablissements s\u00e9niors de F\u00e9camp.<\/p>\n\n\n\n<p>Ceux-ci ont souhait\u00e9 partager avec vous ces moments de plaisir en images : https:\/\/fb.watch\/oK-wYcXxR7\/<\/p>\n","protected":false},"excerpt":{"rendered":"<p>\u00c0 la r\u00e9sidence du Shamrock, les r\u00e9sidents accompagn\u00e9s de Yohann DUHAMEL, animateur, ont tourn\u00e9 un nouveau clip musical avec Monsieur Bailly Olivier (Noon) (Auteur-Compositeur-Interpr\u00e8te). Un premier clip avait \u00e9t\u00e9 tourn\u00e9 en 2021 sur le th\u00e8me des b\u00eatises que l\u2019on peut faire enfant. https:\/\/fb.watch\/78NFIvXFYi\/ Cette ann\u00e9e, ils abordent le th\u00e8me des vacances. La chanson \u00e9crite par [&hellip;]<\/p>\n","protected":false},"author":9,"featured_media":0,"comment_status":"closed","ping_status":"closed","sticky":false,"template":"","format":"standard","meta":[],"categories":[1],"tags":[],"_links":{"self":[{"href":"https:\/\/www.ch-fecamp.fr\/index.php\/wp-json\/wp\/v2\/posts\/4286"}],"collection":[{"href":"https:\/\/www.ch-fecamp.fr\/index.php\/wp-json\/wp\/v2\/posts"}],"about":[{"href":"https:\/\/www.ch-fecamp.fr\/index.php\/wp-json\/wp\/v2\/types\/post"}],"author":[{"embeddable":true,"href":"https:\/\/www.ch-fecamp.fr\/index.php\/wp-json\/wp\/v2\/users\/9"}],"replies":[{"embeddable":true,"href":"https:\/\/www.ch-fecamp.fr\/index.php\/wp-json\/wp\/v2\/comments?post=4286"}],"version-history":[{"count":1,"href":"https:\/\/www.ch-fecamp.fr\/index.php\/wp-json\/wp\/v2\/posts\/4286\/revisions"}],"predecessor-version":[{"id":4287,"href":"https:\/\/www.ch-fecamp.fr\/index.php\/wp-json\/wp\/v2\/posts\/4286\/revisions\/4287"}],"wp:attachment":[{"href":"https:\/\/www.ch-fecamp.fr\/index.php\/wp-json\/wp\/v2\/media?parent=4286"}],"wp:term":[{"taxonomy":"category","embeddable":true,"href":"https:\/\/www.ch-fecamp.fr\/index.php\/wp-json\/wp\/v2\/categories?post=4286"},{"taxonomy":"post_tag","embeddable":true,"href":"https:\/\/www.ch-fecamp.fr\/index.php\/wp-json\/wp\/v2\/tags?post=4286"}],"curies":[{"name":"wp","href":"https:\/\/api.w.org\/{rel}","templated":true}]}}