{"id":4483,"date":"2025-09-25T15:46:45","date_gmt":"2025-09-25T13:46:45","guid":{"rendered":"https:\/\/www.ch-fecamp.fr\/?p=4483"},"modified":"2025-09-25T15:46:45","modified_gmt":"2025-09-25T13:46:45","slug":"projet-de-creation-dun-centre-de-ressources-territorial-crt-a-destination-des-personnes-agees","status":"publish","type":"post","link":"https:\/\/www.ch-fecamp.fr\/index.php\/2025\/09\/25\/projet-de-creation-dun-centre-de-ressources-territorial-crt-a-destination-des-personnes-agees\/","title":{"rendered":"Projet de cr\u00e9ation d\u2019un Centre de Ressources Territorial (CRT) \u00e0 destination des personnes \u00e2g\u00e9es."},"content":{"rendered":"\n<p>Le jeudi 18 septembre 2025, de nombreux acteurs du territoire se sont r\u00e9unis afin d\u2019\u00e9changer sur le projet de cr\u00e9ation d\u2019un Centre de Ressources Territorial (CRT).<\/p>\n\n\n\n<p>L\u2019engagement du Centre Hospitalier de F\u00e9camp et l\u2019int\u00e9r\u00eat des acteurs du territoire permettraient de r\u00e9pondre \u00e0 la mise en \u0153uvre de la strat\u00e9gie nationale d\u2019accompagnement du vieillissement, avec un p\u00e9rim\u00e8tre d&rsquo;actions qui se situe&nbsp;au sein du D\u00e9partement de la Seine-Maritime, consid\u00e9r\u00e9&nbsp;comme&nbsp;territoire prioritaire.<\/p>\n\n\n\n<p><br>Ce dispositif innovant vise \u00e0&nbsp;renforcer la qualit\u00e9 de vie des personnes \u00e2g\u00e9es en perte d\u2019autonomie et de leurs aidants, en s\u2019appuyant sur les&nbsp;ressources sanitaires, m\u00e9dico-sociales et sociales existantes, dans une logique de&nbsp;coop\u00e9ration, de compl\u00e9mentarit\u00e9 et de subsidiarit\u00e9.<\/p>\n\n\n\n<p>Ce sujet vous int\u00e9resse&nbsp;? Consultez le site de l\u2019ARS Normandie&nbsp;: <a href=\"https:\/\/www.normandie.ars.sante.fr\/centre-de-ressources-territorial-pour-les-personnes-agees-en-normandie\">https:\/\/www.normandie.ars.sante.fr\/centre-de-ressources-territorial-pour-les-personnes-agees-en-normandie<\/a><\/p>\n\n\n\n<figure class=\"wp-block-image size-large\"><img decoding=\"async\" loading=\"lazy\" width=\"1024\" height=\"369\" src=\"https:\/\/www.ch-fecamp.fr\/wp-content\/uploads\/2025\/09\/20250918_140901-1024x369.jpg\" alt=\"\" class=\"wp-image-4484\" srcset=\"https:\/\/www.ch-fecamp.fr\/wp-content\/uploads\/2025\/09\/20250918_140901-1024x369.jpg 1024w, https:\/\/www.ch-fecamp.fr\/wp-content\/uploads\/2025\/09\/20250918_140901-300x108.jpg 300w, https:\/\/www.ch-fecamp.fr\/wp-content\/uploads\/2025\/09\/20250918_140901-768x276.jpg 768w, https:\/\/www.ch-fecamp.fr\/wp-content\/uploads\/2025\/09\/20250918_140901-1536x553.jpg 1536w, https:\/\/www.ch-fecamp.fr\/wp-content\/uploads\/2025\/09\/20250918_140901-2048x737.jpg 2048w, https:\/\/www.ch-fecamp.fr\/wp-content\/uploads\/2025\/09\/20250918_140901-1080x389.jpg 1080w\" sizes=\"(max-width: 1024px) 100vw, 1024px\" \/><\/figure>\n\n\n\n<figure class=\"wp-block-image size-large\"><img decoding=\"async\" loading=\"lazy\" width=\"1024\" height=\"369\" src=\"https:\/\/www.ch-fecamp.fr\/wp-content\/uploads\/2025\/09\/20250918_141147-1024x369.jpg\" alt=\"\" class=\"wp-image-4485\" srcset=\"https:\/\/www.ch-fecamp.fr\/wp-content\/uploads\/2025\/09\/20250918_141147-1024x369.jpg 1024w, https:\/\/www.ch-fecamp.fr\/wp-content\/uploads\/2025\/09\/20250918_141147-300x108.jpg 300w, https:\/\/www.ch-fecamp.fr\/wp-content\/uploads\/2025\/09\/20250918_141147-768x276.jpg 768w, https:\/\/www.ch-fecamp.fr\/wp-content\/uploads\/2025\/09\/20250918_141147-1536x553.jpg 1536w, https:\/\/www.ch-fecamp.fr\/wp-content\/uploads\/2025\/09\/20250918_141147-2048x737.jpg 2048w, https:\/\/www.ch-fecamp.fr\/wp-content\/uploads\/2025\/09\/20250918_141147-1080x389.jpg 1080w\" sizes=\"(max-width: 1024px) 100vw, 1024px\" \/><\/figure>\n","protected":false},"excerpt":{"rendered":"<p>Le jeudi 18 septembre 2025, de nombreux acteurs du territoire se sont r\u00e9unis afin d\u2019\u00e9changer sur le projet de cr\u00e9ation d\u2019un Centre de Ressources Territorial (CRT). L\u2019engagement du Centre Hospitalier de F\u00e9camp et l\u2019int\u00e9r\u00eat des acteurs du territoire permettraient de r\u00e9pondre \u00e0 la mise en \u0153uvre de la strat\u00e9gie nationale d\u2019accompagnement du vieillissement, avec un [&hellip;]<\/p>\n","protected":false},"author":9,"featured_media":4484,"comment_status":"closed","ping_status":"closed","sticky":false,"template":"","format":"standard","meta":[],"categories":[1],"tags":[],"_links":{"self":[{"href":"https:\/\/www.ch-fecamp.fr\/index.php\/wp-json\/wp\/v2\/posts\/4483"}],"collection":[{"href":"https:\/\/www.ch-fecamp.fr\/index.php\/wp-json\/wp\/v2\/posts"}],"about":[{"href":"https:\/\/www.ch-fecamp.fr\/index.php\/wp-json\/wp\/v2\/types\/post"}],"author":[{"embeddable":true,"href":"https:\/\/www.ch-fecamp.fr\/index.php\/wp-json\/wp\/v2\/users\/9"}],"replies":[{"embeddable":true,"href":"https:\/\/www.ch-fecamp.fr\/index.php\/wp-json\/wp\/v2\/comments?post=4483"}],"version-history":[{"count":1,"href":"https:\/\/www.ch-fecamp.fr\/index.php\/wp-json\/wp\/v2\/posts\/4483\/revisions"}],"predecessor-version":[{"id":4486,"href":"https:\/\/www.ch-fecamp.fr\/index.php\/wp-json\/wp\/v2\/posts\/4483\/revisions\/4486"}],"wp:featuredmedia":[{"embeddable":true,"href":"https:\/\/www.ch-fecamp.fr\/index.php\/wp-json\/wp\/v2\/media\/4484"}],"wp:attachment":[{"href":"https:\/\/www.ch-fecamp.fr\/index.php\/wp-json\/wp\/v2\/media?parent=4483"}],"wp:term":[{"taxonomy":"category","embeddable":true,"href":"https:\/\/www.ch-fecamp.fr\/index.php\/wp-json\/wp\/v2\/categories?post=4483"},{"taxonomy":"post_tag","embeddable":true,"href":"https:\/\/www.ch-fecamp.fr\/index.php\/wp-json\/wp\/v2\/tags?post=4483"}],"curies":[{"name":"wp","href":"https:\/\/api.w.org\/{rel}","templated":true}]}}